{"id":4641,"date":"2026-04-28T12:46:01","date_gmt":"2026-04-28T12:46:01","guid":{"rendered":"https:\/\/city-kuechen.com\/?p=4641"},"modified":"2026-04-29T14:31:34","modified_gmt":"2026-04-29T14:31:34","slug":"city-kuechen-berlin-auf-der-design-week-mailand-2026","status":"publish","type":"post","link":"https:\/\/city-kuechen.com\/en\/city-kuechen-berlin-auf-der-design-week-mailand-2026","title":{"rendered":"CITY K\u00dcCHEN Berlin at Milan Design Week 2026"},"content":{"rendered":"<div style=\"height:19px\" aria-hidden=\"true\" class=\"wp-block-spacer\"><\/div>\n\n\n\n<figure class=\"wp-block-image size-large\"><img fetchpriority=\"high\" decoding=\"async\" width=\"1024\" height=\"462\" src=\"https:\/\/city-kuechen.com\/wp-content\/uploads\/2026\/04\/28649920_GG-global-milan-landing-page-2026-postEvent-stage-1024x462.webp\" alt=\"Mit Pr\u00e4senz offenbarte Gaggenau das Wesentliche \u2013 und nichts dar\u00fcber hinaus. Ein Raum, in dem das Bleibende Bestand hatte und das \u00dcberfl\u00fcssige verschwand.Gaggenau Pavillon In der Villa Necchi Campiglio \u2014 Eine seltene Oase der Stille im Herzen Mailands, gepr\u00e4gt von Balance und Pr\u00e4zision\u2014nahm diese Idee die Form eines Pfades an, der die Aufmerksamkeit nach innen lenkte. Licht und Struktur sch\u00e4rften die Wahrnehmung; jedes Detail war durchdacht, jedes Element bewusst gew\u00e4hlt.CITY K\u00dcCHEN Berlin ist Gaggenau Masterpartner. \" class=\"wp-image-4642\" srcset=\"https:\/\/city-kuechen.com\/wp-content\/uploads\/2026\/04\/28649920_GG-global-milan-landing-page-2026-postEvent-stage-1024x462.webp 1024w, https:\/\/city-kuechen.com\/wp-content\/uploads\/2026\/04\/28649920_GG-global-milan-landing-page-2026-postEvent-stage-300x135.webp 300w, https:\/\/city-kuechen.com\/wp-content\/uploads\/2026\/04\/28649920_GG-global-milan-landing-page-2026-postEvent-stage-768x347.webp 768w, https:\/\/city-kuechen.com\/wp-content\/uploads\/2026\/04\/28649920_GG-global-milan-landing-page-2026-postEvent-stage-1536x694.webp 1536w, https:\/\/city-kuechen.com\/wp-content\/uploads\/2026\/04\/28649920_GG-global-milan-landing-page-2026-postEvent-stage-2048x925.webp 2048w, https:\/\/city-kuechen.com\/wp-content\/uploads\/2026\/04\/28649920_GG-global-milan-landing-page-2026-postEvent-stage-18x8.webp 18w\" sizes=\"(max-width: 1024px) 100vw, 1024px\" \/><figcaption class=\"wp-element-caption\"><em>Gaggenau Pavilion in the Villa Necchi Campiglio: CITY K\u00dcCHEN Berlin is a Gaggenau Master Partner<\/em><\/figcaption><\/figure>\n\n\n\n<hr class=\"wp-block-separator has-alpha-channel-opacity\"\/>\n\n\n\n<div style=\"height:37px\" aria-hidden=\"true\" class=\"wp-block-spacer\"><\/div>\n\n\n\n<p>CITY K\u00dcCHEN Berlin owner David Ruder and Art Director Carlos Estevez attended Milan Design Week 2026 to discover the latest innovations and trends in kitchen design. Design Week once again provided important impetus for the international design scene.<\/p>\n\n\n\n<p>During their visit, they also met with CITY K\u00dcCHEN's official partners, including Leicht K\u00fcchen, Bora and Gaggenau, and learned about new materials, technologies and future-oriented kitchen concepts.<\/p>\n\n\n\n<div style=\"height:19px\" aria-hidden=\"true\" class=\"wp-block-spacer\"><\/div>\n\n\n\n<blockquote class=\"wp-block-quote has-text-align-center is-layout-flow wp-block-quote-is-layout-flow\">\n<p><strong><a href=\"https:\/\/city-kuechen.com\/en\/kontakt\/\">Are you planning a new kitchen? <br>Contact us for a consultation.<\/a><\/strong><\/p>\n<\/blockquote>\n\n\n\n<div style=\"height:19px\" aria-hidden=\"true\" class=\"wp-block-spacer\"><\/div>\n\n\n\n<p><strong>\u201eBe the Project\u201c <\/strong>- Thats the motto of Fuorisalone 2026 is \"Create a New World\" and carries two meanings: Firstly, the human being as an active shaper of change with visions, desires and responsibilities, and secondly, the project, design as a constantly evolving process that shapes and redesigns the relationships between people, objects and the environment.<\/p>\n\n\n\n<div style=\"height:35px\" aria-hidden=\"true\" class=\"wp-block-spacer\"><\/div>\n\n\n\n<ul class=\"wp-block-list\">\n<li><strong>Human-centered evolution: <\/strong>Individual responsibility and vision are at the heart of every creative act.<br> <br><\/li>\n\n\n\n<li><strong>Design as a process: <\/strong>We celebrate the journey of experimentation, including the \u201cemerging imperfections\u201d and mistakes that lead to true innovation.<br> <br><\/li>\n\n\n\n<li><strong>Relational Design: <\/strong>We focus on how design shapes the evolving connections between people, objects and their environment.<br> <br><\/li>\n\n\n\n<li><strong>Active engagement: <\/strong>From passive consumption to active participation in the systems that determine our future.<\/li>\n<\/ul>\n\n\n\n<div style=\"height:45px\" aria-hidden=\"true\" class=\"wp-block-spacer\"><\/div>\n\n\n\n<p><strong>\u201eBe the Project\u201c<\/strong> It represents a new design approach \u2013 moving away from passive consumption towards active participation. Experiments, mistakes, and so-called \"flourishing imperfections\" were consciously understood as part of genuine innovation. At the same time, the relationship between people, objects, and their environment moved more into focus, which plays an increasingly important role, especially in modern kitchen design.<\/p>\n\n\n\n<p>For David Ruder and Carlos Estevez, Milan Design Week was a valuable source of inspiration. The impressions gained are directly incorporated into future projects. The goal is to design kitchens that are not only functional but also inspiring as individual living spaces.<br><\/p>\n\n\n\n<div style=\"height:41px\" aria-hidden=\"true\" class=\"wp-block-spacer\"><\/div>\n\n\n\n<p class=\"has-text-align-center\"><strong><a href=\"https:\/\/de.pinterest.com\/CityKuechen\/\">Follow us on Pinterest for more kitchen inspiration photos.<\/a><\/strong><\/p>\n\n\n\n<ul class=\"wp-block-social-links aligncenter is-layout-flex wp-block-social-links-is-layout-flex\"><li class=\"wp-social-link wp-social-link-pinterest  wp-block-social-link\"><a href=\"https:\/\/de.pinterest.com\/CityKuechen\/\" class=\"wp-block-social-link-anchor\"><svg width=\"24\" height=\"24\" viewbox=\"0 0 24 24\" version=\"1.1\" xmlns=\"http:\/\/www.w3.org\/2000\/svg\" aria-hidden=\"true\" focusable=\"false\"><path d=\"M12.289,2C6.617,2,3.606,5.648,3.606,9.622c0,1.846,1.025,4.146,2.666,4.878c0.25,0.111,0.381,0.063,0.439-0.169 c0.044-0.175,0.267-1.029,0.365-1.428c0.032-0.128,0.017-0.237-0.091-0.362C6.445,11.911,6.01,10.75,6.01,9.668 c0-2.777,2.194-5.464,5.933-5.464c3.23,0,5.49,2.108,5.49,5.122c0,3.407-1.794,5.768-4.13,5.768c-1.291,0-2.257-1.021-1.948-2.277 c0.372-1.495,1.089-3.112,1.089-4.191c0-0.967-0.542-1.775-1.663-1.775c-1.319,0-2.379,1.309-2.379,3.059 c0,1.115,0.394,1.869,0.394,1.869s-1.302,5.279-1.54,6.261c-0.405,1.666,0.053,4.368,0.094,4.604 c0.021,0.126,0.167,0.169,0.25,0.063c0.129-0.165,1.699-2.419,2.142-4.051c0.158-0.59,0.817-2.995,0.817-2.995 c0.43,0.784,1.681,1.446,3.013,1.446c3.963,0,6.822-3.494,6.822-7.833C20.394,5.112,16.849,2,12.289,2\"><\/path><\/svg><span class=\"wp-block-social-link-label screen-reader-text\">Pinterest<\/span><\/a><\/li><\/ul>\n\n\n\n<div style=\"height:35px\" aria-hidden=\"true\" class=\"wp-block-spacer\"><\/div>\n\n\n\n<div style=\"height:35px\" aria-hidden=\"true\" class=\"wp-block-spacer\"><\/div>\n\n\n\n<h2 class=\"wp-block-heading\">Impressions from Design Week 2026 <\/h2>\n\n\n\n<figure class=\"wp-block-gallery has-nested-images columns-default is-cropped wp-block-gallery-1 is-layout-flex wp-block-gallery-is-layout-flex\">\n<figure class=\"wp-block-image size-large\"><img decoding=\"async\" width=\"768\" height=\"1024\" data-id=\"4666\" src=\"https:\/\/city-kuechen.com\/wp-content\/uploads\/2026\/04\/gaggenau.03.designweek.2026-768x1024.jpg\" alt=\"Mit Pr\u00e4senz offenbarte Gaggenau das Wesentliche \u2013 und nichts dar\u00fcber hinaus. Ein Raum, in dem das Bleibende Bestand hatte und das \u00dcberfl\u00fcssige verschwand.Gaggenau Pavillon In der Villa Necchi Campiglio \u2014 Eine seltene Oase der Stille im Herzen Mailands, gepr\u00e4gt von Balance und Pr\u00e4zision\u2014nahm diese Idee die Form eines Pfades an, der die Aufmerksamkeit nach innen lenkte. Licht und Struktur sch\u00e4rften die Wahrnehmung; jedes Detail war durchdacht, jedes Element bewusst gew\u00e4hlt.CITY K\u00dcCHEN Berlin ist Gaggenau Masterpartner. \" class=\"wp-image-4666\" srcset=\"https:\/\/city-kuechen.com\/wp-content\/uploads\/2026\/04\/gaggenau.03.designweek.2026-768x1024.jpg 768w, https:\/\/city-kuechen.com\/wp-content\/uploads\/2026\/04\/gaggenau.03.designweek.2026-225x300.jpg 225w, https:\/\/city-kuechen.com\/wp-content\/uploads\/2026\/04\/gaggenau.03.designweek.2026-9x12.jpg 9w, https:\/\/city-kuechen.com\/wp-content\/uploads\/2026\/04\/gaggenau.03.designweek.2026.jpg 1000w\" sizes=\"(max-width: 768px) 100vw, 768px\" \/><figcaption class=\"wp-element-caption\">Villa Necchi Campiglio<\/figcaption><\/figure>\n\n\n\n<figure class=\"wp-block-image size-large\"><img decoding=\"async\" width=\"768\" height=\"1024\" data-id=\"4667\" src=\"https:\/\/city-kuechen.com\/wp-content\/uploads\/2026\/04\/gaggenau.02.designweek.2026-768x1024.jpg\" alt=\"Mit Pr\u00e4senz offenbarte Gaggenau das Wesentliche \u2013 und nichts dar\u00fcber hinaus. Ein Raum, in dem das Bleibende Bestand hatte und das \u00dcberfl\u00fcssige verschwand.Gaggenau Pavillon In der Villa Necchi Campiglio \u2014 Eine seltene Oase der Stille im Herzen Mailands, gepr\u00e4gt von Balance und Pr\u00e4zision\u2014nahm diese Idee die Form eines Pfades an, der die Aufmerksamkeit nach innen lenkte. Licht und Struktur sch\u00e4rften die Wahrnehmung; jedes Detail war durchdacht, jedes Element bewusst gew\u00e4hlt.CITY K\u00dcCHEN Berlin ist Gaggenau Masterpartner. \" class=\"wp-image-4667\" srcset=\"https:\/\/city-kuechen.com\/wp-content\/uploads\/2026\/04\/gaggenau.02.designweek.2026-768x1024.jpg 768w, https:\/\/city-kuechen.com\/wp-content\/uploads\/2026\/04\/gaggenau.02.designweek.2026-225x300.jpg 225w, https:\/\/city-kuechen.com\/wp-content\/uploads\/2026\/04\/gaggenau.02.designweek.2026-9x12.jpg 9w, https:\/\/city-kuechen.com\/wp-content\/uploads\/2026\/04\/gaggenau.02.designweek.2026.jpg 1000w\" sizes=\"(max-width: 768px) 100vw, 768px\" \/><figcaption class=\"wp-element-caption\">Gaggenau in Milan<\/figcaption><\/figure>\n\n\n\n<figure class=\"wp-block-image size-large\"><img loading=\"lazy\" decoding=\"async\" width=\"768\" height=\"1024\" data-id=\"4668\" src=\"https:\/\/city-kuechen.com\/wp-content\/uploads\/2026\/04\/gaggenau.01.designweek.2026-768x1024.jpg\" alt=\"Mit Pr\u00e4senz offenbarte Gaggenau das Wesentliche \u2013 und nichts dar\u00fcber hinaus. Ein Raum, in dem das Bleibende Bestand hatte und das \u00dcberfl\u00fcssige verschwand.Gaggenau Pavillon In der Villa Necchi Campiglio \u2014 Eine seltene Oase der Stille im Herzen Mailands, gepr\u00e4gt von Balance und Pr\u00e4zision\u2014nahm diese Idee die Form eines Pfades an, der die Aufmerksamkeit nach innen lenkte. Licht und Struktur sch\u00e4rften die Wahrnehmung; jedes Detail war durchdacht, jedes Element bewusst gew\u00e4hlt.CITY K\u00dcCHEN Berlin ist Gaggenau Masterpartner. \" class=\"wp-image-4668\" srcset=\"https:\/\/city-kuechen.com\/wp-content\/uploads\/2026\/04\/gaggenau.01.designweek.2026-768x1024.jpg 768w, https:\/\/city-kuechen.com\/wp-content\/uploads\/2026\/04\/gaggenau.01.designweek.2026-225x300.jpg 225w, https:\/\/city-kuechen.com\/wp-content\/uploads\/2026\/04\/gaggenau.01.designweek.2026-9x12.jpg 9w, https:\/\/city-kuechen.com\/wp-content\/uploads\/2026\/04\/gaggenau.01.designweek.2026.jpg 1000w\" sizes=\"(max-width: 768px) 100vw, 768px\" \/><figcaption class=\"wp-element-caption\">Gaggenau in Milan<\/figcaption><\/figure>\n<\/figure>\n\n\n\n<div style=\"height:35px\" aria-hidden=\"true\" class=\"wp-block-spacer\"><\/div>\n\n\n\n<p>Gaggenau revealed the essential through its presence \u2013 and nothing beyond. A space where what was lasting endured and what was superfluous disappeared.<\/p>\n\n\n\n<p>At Villa Necchi Campiglio \u2013 a rare oasis of tranquility in the heart of Milan, characterized by balance and precision \u2013 this idea took the form of a path that directed attention inwards. Light and structure sharpened perception; every detail was carefully considered, every element consciously chosen.<\/p>\n\n\n\n<p>Gaggenau invited people to experience, without explanations, what makes the brand special.<\/p>\n\n\n\n<div style=\"height:35px\" aria-hidden=\"true\" class=\"wp-block-spacer\"><\/div>\n\n\n\n<figure class=\"wp-block-gallery has-nested-images columns-default is-cropped wp-block-gallery-2 is-layout-flex wp-block-gallery-is-layout-flex\">\n<figure class=\"wp-block-image size-large\"><img loading=\"lazy\" decoding=\"async\" width=\"563\" height=\"1000\" data-id=\"4654\" src=\"https:\/\/city-kuechen.com\/wp-content\/uploads\/2026\/04\/leicht.06.designweek.2026.jpg\" alt=\"Im Rahmen der Milan Design Week 2026 pr\u00e4sentieren wir uns in der lichtdurchfluteten Orangerie des Museo Poldi Pezzoli. Unter dem Titel \u201eArt is now\u201c schaffen wir einen Ort, der sich bewusst vom Tempo der Stadt absetzt und Raum f\u00fcr eine konzentrierte Auseinandersetzung mit K\u00fcchenarchitektur, edlen Materialien und extravaganter Planung bietet.Wenn K\u00fcche zum Exponat und zur Kunst im Raum wird, inszenieren wir \u201eRosso Lepanto\u201c im Museo Poldi Pezzoli.\" class=\"wp-image-4654\" srcset=\"https:\/\/city-kuechen.com\/wp-content\/uploads\/2026\/04\/leicht.06.designweek.2026.jpg 563w, https:\/\/city-kuechen.com\/wp-content\/uploads\/2026\/04\/leicht.06.designweek.2026-169x300.jpg 169w, https:\/\/city-kuechen.com\/wp-content\/uploads\/2026\/04\/leicht.06.designweek.2026-7x12.jpg 7w\" sizes=\"(max-width: 563px) 100vw, 563px\" \/><figcaption class=\"wp-element-caption\">\u201cArt is now\u201d by LEICHT<\/figcaption><\/figure>\n\n\n\n<figure class=\"wp-block-image size-large\"><img loading=\"lazy\" decoding=\"async\" width=\"563\" height=\"1000\" data-id=\"4652\" src=\"https:\/\/city-kuechen.com\/wp-content\/uploads\/2026\/04\/leicht.08.designweek.2026.jpg\" alt=\"Im Rahmen der Milan Design Week 2026 pr\u00e4sentieren wir uns in der lichtdurchfluteten Orangerie des Museo Poldi Pezzoli. Unter dem Titel \u201eArt is now\u201c schaffen wir einen Ort, der sich bewusst vom Tempo der Stadt absetzt und Raum f\u00fcr eine konzentrierte Auseinandersetzung mit K\u00fcchenarchitektur, edlen Materialien und extravaganter Planung bietet.Wenn K\u00fcche zum Exponat und zur Kunst im Raum wird, inszenieren wir \u201eRosso Lepanto\u201c im Museo Poldi Pezzoli.\" class=\"wp-image-4652\" srcset=\"https:\/\/city-kuechen.com\/wp-content\/uploads\/2026\/04\/leicht.08.designweek.2026.jpg 563w, https:\/\/city-kuechen.com\/wp-content\/uploads\/2026\/04\/leicht.08.designweek.2026-169x300.jpg 169w, https:\/\/city-kuechen.com\/wp-content\/uploads\/2026\/04\/leicht.08.designweek.2026-7x12.jpg 7w\" sizes=\"(max-width: 563px) 100vw, 563px\" \/><figcaption class=\"wp-element-caption\">\u201cArt is now\u201d by LEICHT<\/figcaption><\/figure>\n\n\n\n<figure class=\"wp-block-image size-large\"><img loading=\"lazy\" decoding=\"async\" width=\"563\" height=\"1000\" data-id=\"4653\" src=\"https:\/\/city-kuechen.com\/wp-content\/uploads\/2026\/04\/leicht.07.designweek.2026.jpg\" alt=\"Im Rahmen der Milan Design Week 2026 pr\u00e4sentieren wir uns in der lichtdurchfluteten Orangerie des Museo Poldi Pezzoli. Unter dem Titel \u201eArt is now\u201c schaffen wir einen Ort, der sich bewusst vom Tempo der Stadt absetzt und Raum f\u00fcr eine konzentrierte Auseinandersetzung mit K\u00fcchenarchitektur, edlen Materialien und extravaganter Planung bietet.Wenn K\u00fcche zum Exponat und zur Kunst im Raum wird, inszenieren wir \u201eRosso Lepanto\u201c im Museo Poldi Pezzoli.\" class=\"wp-image-4653\" srcset=\"https:\/\/city-kuechen.com\/wp-content\/uploads\/2026\/04\/leicht.07.designweek.2026.jpg 563w, https:\/\/city-kuechen.com\/wp-content\/uploads\/2026\/04\/leicht.07.designweek.2026-169x300.jpg 169w, https:\/\/city-kuechen.com\/wp-content\/uploads\/2026\/04\/leicht.07.designweek.2026-7x12.jpg 7w\" sizes=\"(max-width: 563px) 100vw, 563px\" \/><figcaption class=\"wp-element-caption\">\u201cArt is now\u201d by LEICHT<\/figcaption><\/figure>\n\n\n\n<figure class=\"wp-block-image size-large\"><img loading=\"lazy\" decoding=\"async\" width=\"750\" height=\"1000\" data-id=\"4655\" src=\"https:\/\/city-kuechen.com\/wp-content\/uploads\/2026\/04\/leicht.05.designweek.2026.jpg\" alt=\"Im Rahmen der Milan Design Week 2026 pr\u00e4sentieren wir uns in der lichtdurchfluteten Orangerie des Museo Poldi Pezzoli. Unter dem Titel \u201eArt is now\u201c schaffen wir einen Ort, der sich bewusst vom Tempo der Stadt absetzt und Raum f\u00fcr eine konzentrierte Auseinandersetzung mit K\u00fcchenarchitektur, edlen Materialien und extravaganter Planung bietet.Wenn K\u00fcche zum Exponat und zur Kunst im Raum wird, inszenieren wir \u201eRosso Lepanto\u201c im Museo Poldi Pezzoli.\" class=\"wp-image-4655\" srcset=\"https:\/\/city-kuechen.com\/wp-content\/uploads\/2026\/04\/leicht.05.designweek.2026.jpg 750w, https:\/\/city-kuechen.com\/wp-content\/uploads\/2026\/04\/leicht.05.designweek.2026-225x300.jpg 225w, https:\/\/city-kuechen.com\/wp-content\/uploads\/2026\/04\/leicht.05.designweek.2026-9x12.jpg 9w\" sizes=\"(max-width: 750px) 100vw, 750px\" \/><figcaption class=\"wp-element-caption\">\u201cArt is now\u201d by LEICHT<\/figcaption><\/figure>\n\n\n\n<figure class=\"wp-block-image size-large\"><img loading=\"lazy\" decoding=\"async\" width=\"563\" height=\"1000\" data-id=\"4656\" src=\"https:\/\/city-kuechen.com\/wp-content\/uploads\/2026\/04\/leicht.04.designweek.2026.jpg\" alt=\"Im Rahmen der Milan Design Week 2026 pr\u00e4sentieren wir uns in der lichtdurchfluteten Orangerie des Museo Poldi Pezzoli. Unter dem Titel \u201eArt is now\u201c schaffen wir einen Ort, der sich bewusst vom Tempo der Stadt absetzt und Raum f\u00fcr eine konzentrierte Auseinandersetzung mit K\u00fcchenarchitektur, edlen Materialien und extravaganter Planung bietet.Wenn K\u00fcche zum Exponat und zur Kunst im Raum wird, inszenieren wir \u201eRosso Lepanto\u201c im Museo Poldi Pezzoli.\" class=\"wp-image-4656\" srcset=\"https:\/\/city-kuechen.com\/wp-content\/uploads\/2026\/04\/leicht.04.designweek.2026.jpg 563w, https:\/\/city-kuechen.com\/wp-content\/uploads\/2026\/04\/leicht.04.designweek.2026-169x300.jpg 169w, https:\/\/city-kuechen.com\/wp-content\/uploads\/2026\/04\/leicht.04.designweek.2026-7x12.jpg 7w\" sizes=\"(max-width: 563px) 100vw, 563px\" \/><figcaption class=\"wp-element-caption\">\u201cArt is now\u201d by LEICHT<\/figcaption><\/figure>\n\n\n\n<figure class=\"wp-block-image size-large\"><img loading=\"lazy\" decoding=\"async\" width=\"750\" height=\"1000\" data-id=\"4657\" src=\"https:\/\/city-kuechen.com\/wp-content\/uploads\/2026\/04\/leicht.03.designweek.2026.jpg\" alt=\"Im Rahmen der Milan Design Week 2026 pr\u00e4sentieren wir uns in der lichtdurchfluteten Orangerie des Museo Poldi Pezzoli. Unter dem Titel \u201eArt is now\u201c schaffen wir einen Ort, der sich bewusst vom Tempo der Stadt absetzt und Raum f\u00fcr eine konzentrierte Auseinandersetzung mit K\u00fcchenarchitektur, edlen Materialien und extravaganter Planung bietet.Wenn K\u00fcche zum Exponat und zur Kunst im Raum wird, inszenieren wir \u201eRosso Lepanto\u201c im Museo Poldi Pezzoli.\" class=\"wp-image-4657\" srcset=\"https:\/\/city-kuechen.com\/wp-content\/uploads\/2026\/04\/leicht.03.designweek.2026.jpg 750w, https:\/\/city-kuechen.com\/wp-content\/uploads\/2026\/04\/leicht.03.designweek.2026-225x300.jpg 225w, https:\/\/city-kuechen.com\/wp-content\/uploads\/2026\/04\/leicht.03.designweek.2026-9x12.jpg 9w\" sizes=\"(max-width: 750px) 100vw, 750px\" \/><figcaption class=\"wp-element-caption\">\u201cArt is now\u201d by LEICHT<\/figcaption><\/figure>\n<\/figure>\n\n\n\n<p class=\"has-text-align-center\"><strong><a href=\"https:\/\/de.pinterest.com\/CityKuechen\/\">More photos for kitchen inspiration on Pinterest.<\/a><\/strong><\/p>\n\n\n\n<ul class=\"wp-block-social-links aligncenter is-layout-flex wp-block-social-links-is-layout-flex\"><li class=\"wp-social-link wp-social-link-pinterest  wp-block-social-link\"><a href=\"https:\/\/de.pinterest.com\/CityKuechen\/\" class=\"wp-block-social-link-anchor\"><svg width=\"24\" height=\"24\" viewbox=\"0 0 24 24\" version=\"1.1\" xmlns=\"http:\/\/www.w3.org\/2000\/svg\" aria-hidden=\"true\" focusable=\"false\"><path d=\"M12.289,2C6.617,2,3.606,5.648,3.606,9.622c0,1.846,1.025,4.146,2.666,4.878c0.25,0.111,0.381,0.063,0.439-0.169 c0.044-0.175,0.267-1.029,0.365-1.428c0.032-0.128,0.017-0.237-0.091-0.362C6.445,11.911,6.01,10.75,6.01,9.668 c0-2.777,2.194-5.464,5.933-5.464c3.23,0,5.49,2.108,5.49,5.122c0,3.407-1.794,5.768-4.13,5.768c-1.291,0-2.257-1.021-1.948-2.277 c0.372-1.495,1.089-3.112,1.089-4.191c0-0.967-0.542-1.775-1.663-1.775c-1.319,0-2.379,1.309-2.379,3.059 c0,1.115,0.394,1.869,0.394,1.869s-1.302,5.279-1.54,6.261c-0.405,1.666,0.053,4.368,0.094,4.604 c0.021,0.126,0.167,0.169,0.25,0.063c0.129-0.165,1.699-2.419,2.142-4.051c0.158-0.59,0.817-2.995,0.817-2.995 c0.43,0.784,1.681,1.446,3.013,1.446c3.963,0,6.822-3.494,6.822-7.833C20.394,5.112,16.849,2,12.289,2\"><\/path><\/svg><span class=\"wp-block-social-link-label screen-reader-text\">Pinterest<\/span><\/a><\/li><\/ul>\n\n\n\n<div style=\"height:19px\" aria-hidden=\"true\" class=\"wp-block-spacer\"><\/div>\n\n\n\n<p>As part of Milan Design Week 2026, we will be presenting our work in the light-filled orangery of the Museo Poldi Pezzoli. Under the title \"Art is now,\" we are creating a space that deliberately sets itself apart from the pace of the city, offering room for a focused exploration of kitchen architecture, exquisite materials, and extravagant design. When the kitchen becomes an exhibit and a work of art in space, we will be staging \"Rosso Lepanto\" at the Museo Poldi Pezzoli.<\/p>\n\n\n\n<div style=\"height:19px\" aria-hidden=\"true\" class=\"wp-block-spacer\"><\/div>\n\n\n\n<blockquote class=\"wp-block-quote is-layout-flow wp-block-quote-is-layout-flow\">\n<p><\/p>\n<\/blockquote>\n\n\n\n<figure class=\"wp-block-gallery has-nested-images columns-default is-cropped wp-block-gallery-3 is-layout-flex wp-block-gallery-is-layout-flex\">\n<figure class=\"wp-block-image size-large\"><img loading=\"lazy\" decoding=\"async\" width=\"768\" height=\"1024\" data-id=\"4643\" src=\"https:\/\/city-kuechen.com\/wp-content\/uploads\/2026\/04\/IMG_7721.Ernestomeda.designweek.2026-768x1024.jpg\" alt=\"Im Rahmen der Mail\u00e4nder Designwoche 2026 pr\u00e4sentiert Ernestomeda Sign Round, die neueste Weiterentwicklung von Sign, einem der ikonischsten Modelle der Marke, entworfen von Giuseppe Bavuso, Architekt und Art Director des Unternehmens. Das neue Projekt interpretiert die Formensprache von Sign neu und bewahrt dabei dessen starke \u00e4sthetische Identit\u00e4t. So unterstreicht es seine Rolle als Statement-K\u00fcche \u2013 offen, einladend und absolut zeitgem\u00e4\u00df.\" class=\"wp-image-4643\" srcset=\"https:\/\/city-kuechen.com\/wp-content\/uploads\/2026\/04\/IMG_7721.Ernestomeda.designweek.2026-768x1024.jpg 768w, https:\/\/city-kuechen.com\/wp-content\/uploads\/2026\/04\/IMG_7721.Ernestomeda.designweek.2026-225x300.jpg 225w, https:\/\/city-kuechen.com\/wp-content\/uploads\/2026\/04\/IMG_7721.Ernestomeda.designweek.2026-9x12.jpg 9w, https:\/\/city-kuechen.com\/wp-content\/uploads\/2026\/04\/IMG_7721.Ernestomeda.designweek.2026.jpg 1000w\" sizes=\"(max-width: 768px) 100vw, 768px\" \/><figcaption class=\"wp-element-caption\">Ernestomeda unveils Sign Round<\/figcaption><\/figure>\n\n\n\n<figure class=\"wp-block-image size-large\"><img loading=\"lazy\" decoding=\"async\" width=\"768\" height=\"1024\" data-id=\"4648\" src=\"https:\/\/city-kuechen.com\/wp-content\/uploads\/2026\/04\/IMG_1988.Ernestomeda.designweek.2026-768x1024.jpg\" alt=\"Im Rahmen der Mail\u00e4nder Designwoche 2026 pr\u00e4sentiert Ernestomeda Sign Round, die neueste Weiterentwicklung von Sign, einem der ikonischsten Modelle der Marke, entworfen von Giuseppe Bavuso, Architekt und Art Director des Unternehmens. Das neue Projekt interpretiert die Formensprache von Sign neu und bewahrt dabei dessen starke \u00e4sthetische Identit\u00e4t. So unterstreicht es seine Rolle als Statement-K\u00fcche \u2013 offen, einladend und absolut zeitgem\u00e4\u00df.\" class=\"wp-image-4648\" srcset=\"https:\/\/city-kuechen.com\/wp-content\/uploads\/2026\/04\/IMG_1988.Ernestomeda.designweek.2026-768x1024.jpg 768w, https:\/\/city-kuechen.com\/wp-content\/uploads\/2026\/04\/IMG_1988.Ernestomeda.designweek.2026-225x300.jpg 225w, https:\/\/city-kuechen.com\/wp-content\/uploads\/2026\/04\/IMG_1988.Ernestomeda.designweek.2026-9x12.jpg 9w, https:\/\/city-kuechen.com\/wp-content\/uploads\/2026\/04\/IMG_1988.Ernestomeda.designweek.2026.jpg 1000w\" sizes=\"(max-width: 768px) 100vw, 768px\" \/><figcaption class=\"wp-element-caption\">Ernestomeda unveils Sign Round<\/figcaption><\/figure>\n\n\n\n<figure class=\"wp-block-image size-large\"><img loading=\"lazy\" decoding=\"async\" width=\"1000\" height=\"750\" data-id=\"4644\" src=\"https:\/\/city-kuechen.com\/wp-content\/uploads\/2026\/04\/IMG_6403Ernestomeda.designweek.2026.jpg\" alt=\"Im Rahmen der Mail\u00e4nder Designwoche 2026 pr\u00e4sentiert Ernestomeda Sign Round, die neueste Weiterentwicklung von Sign, einem der ikonischsten Modelle der Marke, entworfen von Giuseppe Bavuso, Architekt und Art Director des Unternehmens. Das neue Projekt interpretiert die Formensprache von Sign neu und bewahrt dabei dessen starke \u00e4sthetische Identit\u00e4t. So unterstreicht es seine Rolle als Statement-K\u00fcche \u2013 offen, einladend und absolut zeitgem\u00e4\u00df.\" class=\"wp-image-4644\" srcset=\"https:\/\/city-kuechen.com\/wp-content\/uploads\/2026\/04\/IMG_6403Ernestomeda.designweek.2026.jpg 1000w, https:\/\/city-kuechen.com\/wp-content\/uploads\/2026\/04\/IMG_6403Ernestomeda.designweek.2026-300x225.jpg 300w, https:\/\/city-kuechen.com\/wp-content\/uploads\/2026\/04\/IMG_6403Ernestomeda.designweek.2026-768x576.jpg 768w, https:\/\/city-kuechen.com\/wp-content\/uploads\/2026\/04\/IMG_6403Ernestomeda.designweek.2026-16x12.jpg 16w\" sizes=\"(max-width: 1000px) 100vw, 1000px\" \/><figcaption class=\"wp-element-caption\">Ernestomeda unveils Sign Round<\/figcaption><\/figure>\n\n\n\n<figure class=\"wp-block-image size-large\"><img loading=\"lazy\" decoding=\"async\" width=\"768\" height=\"1024\" data-id=\"4647\" src=\"https:\/\/city-kuechen.com\/wp-content\/uploads\/2026\/04\/IMG_0784.Ernestomeda.designweek.2026-768x1024.jpg\" alt=\"Im Rahmen der Mail\u00e4nder Designwoche 2026 pr\u00e4sentiert Ernestomeda Sign Round, die neueste Weiterentwicklung von Sign, einem der ikonischsten Modelle der Marke, entworfen von Giuseppe Bavuso, Architekt und Art Director des Unternehmens. Das neue Projekt interpretiert die Formensprache von Sign neu und bewahrt dabei dessen starke \u00e4sthetische Identit\u00e4t. So unterstreicht es seine Rolle als Statement-K\u00fcche \u2013 offen, einladend und absolut zeitgem\u00e4\u00df.\" class=\"wp-image-4647\" srcset=\"https:\/\/city-kuechen.com\/wp-content\/uploads\/2026\/04\/IMG_0784.Ernestomeda.designweek.2026-768x1024.jpg 768w, https:\/\/city-kuechen.com\/wp-content\/uploads\/2026\/04\/IMG_0784.Ernestomeda.designweek.2026-225x300.jpg 225w, https:\/\/city-kuechen.com\/wp-content\/uploads\/2026\/04\/IMG_0784.Ernestomeda.designweek.2026-9x12.jpg 9w, https:\/\/city-kuechen.com\/wp-content\/uploads\/2026\/04\/IMG_0784.Ernestomeda.designweek.2026.jpg 1000w\" sizes=\"(max-width: 768px) 100vw, 768px\" \/><figcaption class=\"wp-element-caption\">Ernestomeda unveils Sign Round<\/figcaption><\/figure>\n\n\n\n<figure class=\"wp-block-image size-large\"><img loading=\"lazy\" decoding=\"async\" width=\"768\" height=\"1024\" data-id=\"4649\" src=\"https:\/\/city-kuechen.com\/wp-content\/uploads\/2026\/04\/IMG_2589.Ernestomeda.designweek.2026-768x1024.jpg\" alt=\"Im Rahmen der Mail\u00e4nder Designwoche 2026 pr\u00e4sentiert Ernestomeda Sign Round, die neueste Weiterentwicklung von Sign, einem der ikonischsten Modelle der Marke, entworfen von Giuseppe Bavuso, Architekt und Art Director des Unternehmens. Das neue Projekt interpretiert die Formensprache von Sign neu und bewahrt dabei dessen starke \u00e4sthetische Identit\u00e4t. So unterstreicht es seine Rolle als Statement-K\u00fcche \u2013 offen, einladend und absolut zeitgem\u00e4\u00df.\" class=\"wp-image-4649\" srcset=\"https:\/\/city-kuechen.com\/wp-content\/uploads\/2026\/04\/IMG_2589.Ernestomeda.designweek.2026-768x1024.jpg 768w, https:\/\/city-kuechen.com\/wp-content\/uploads\/2026\/04\/IMG_2589.Ernestomeda.designweek.2026-225x300.jpg 225w, https:\/\/city-kuechen.com\/wp-content\/uploads\/2026\/04\/IMG_2589.Ernestomeda.designweek.2026-9x12.jpg 9w, https:\/\/city-kuechen.com\/wp-content\/uploads\/2026\/04\/IMG_2589.Ernestomeda.designweek.2026.jpg 1000w\" sizes=\"(max-width: 768px) 100vw, 768px\" \/><figcaption class=\"wp-element-caption\">Ernestomeda unveils Sign Round<\/figcaption><\/figure>\n\n\n\n<figure class=\"wp-block-image size-large\"><img loading=\"lazy\" decoding=\"async\" width=\"1000\" height=\"750\" data-id=\"4650\" src=\"https:\/\/city-kuechen.com\/wp-content\/uploads\/2026\/04\/IMG_2768Ernestomeda.designweek.2026.jpg\" alt=\"Im Rahmen der Mail\u00e4nder Designwoche 2026 pr\u00e4sentiert Ernestomeda Sign Round, die neueste Weiterentwicklung von Sign, einem der ikonischsten Modelle der Marke, entworfen von Giuseppe Bavuso, Architekt und Art Director des Unternehmens. Das neue Projekt interpretiert die Formensprache von Sign neu und bewahrt dabei dessen starke \u00e4sthetische Identit\u00e4t. So unterstreicht es seine Rolle als Statement-K\u00fcche \u2013 offen, einladend und absolut zeitgem\u00e4\u00df.\" class=\"wp-image-4650\" srcset=\"https:\/\/city-kuechen.com\/wp-content\/uploads\/2026\/04\/IMG_2768Ernestomeda.designweek.2026.jpg 1000w, https:\/\/city-kuechen.com\/wp-content\/uploads\/2026\/04\/IMG_2768Ernestomeda.designweek.2026-300x225.jpg 300w, https:\/\/city-kuechen.com\/wp-content\/uploads\/2026\/04\/IMG_2768Ernestomeda.designweek.2026-768x576.jpg 768w, https:\/\/city-kuechen.com\/wp-content\/uploads\/2026\/04\/IMG_2768Ernestomeda.designweek.2026-16x12.jpg 16w\" sizes=\"(max-width: 1000px) 100vw, 1000px\" \/><figcaption class=\"wp-element-caption\">Ernestomeda unveils Sign Round<\/figcaption><\/figure>\n<\/figure>\n\n\n\n<div style=\"height:40px\" aria-hidden=\"true\" class=\"wp-block-spacer\"><\/div>\n\n\n\n<p class=\"has-text-align-center\"><strong>Follow us on social media<\/strong><\/p>\n\n\n\n<ul class=\"wp-block-social-links aligncenter is-layout-flex wp-block-social-links-is-layout-flex\"><li class=\"wp-social-link wp-social-link-pinterest  wp-block-social-link\"><a href=\"https:\/\/www.pinterest.com\/CityKuechen\/\" class=\"wp-block-social-link-anchor\"><svg width=\"24\" height=\"24\" viewbox=\"0 0 24 24\" version=\"1.1\" xmlns=\"http:\/\/www.w3.org\/2000\/svg\" aria-hidden=\"true\" focusable=\"false\"><path d=\"M12.289,2C6.617,2,3.606,5.648,3.606,9.622c0,1.846,1.025,4.146,2.666,4.878c0.25,0.111,0.381,0.063,0.439-0.169 c0.044-0.175,0.267-1.029,0.365-1.428c0.032-0.128,0.017-0.237-0.091-0.362C6.445,11.911,6.01,10.75,6.01,9.668 c0-2.777,2.194-5.464,5.933-5.464c3.23,0,5.49,2.108,5.49,5.122c0,3.407-1.794,5.768-4.13,5.768c-1.291,0-2.257-1.021-1.948-2.277 c0.372-1.495,1.089-3.112,1.089-4.191c0-0.967-0.542-1.775-1.663-1.775c-1.319,0-2.379,1.309-2.379,3.059 c0,1.115,0.394,1.869,0.394,1.869s-1.302,5.279-1.54,6.261c-0.405,1.666,0.053,4.368,0.094,4.604 c0.021,0.126,0.167,0.169,0.25,0.063c0.129-0.165,1.699-2.419,2.142-4.051c0.158-0.59,0.817-2.995,0.817-2.995 c0.43,0.784,1.681,1.446,3.013,1.446c3.963,0,6.822-3.494,6.822-7.833C20.394,5.112,16.849,2,12.289,2\"><\/path><\/svg><span class=\"wp-block-social-link-label screen-reader-text\">Pinterest<\/span><\/a><\/li>\n\n<li class=\"wp-social-link wp-social-link-instagram  wp-block-social-link\"><a href=\"https:\/\/www.instagram.com\/city.kuechen.berlin\/\" class=\"wp-block-social-link-anchor\"><svg width=\"24\" height=\"24\" viewbox=\"0 0 24 24\" version=\"1.1\" xmlns=\"http:\/\/www.w3.org\/2000\/svg\" aria-hidden=\"true\" focusable=\"false\"><path d=\"M12,4.622c2.403,0,2.688,0.009,3.637,0.052c0.877,0.04,1.354,0.187,1.671,0.31c0.42,0.163,0.72,0.358,1.035,0.673 c0.315,0.315,0.51,0.615,0.673,1.035c0.123,0.317,0.27,0.794,0.31,1.671c0.043,0.949,0.052,1.234,0.052,3.637 s-0.009,2.688-0.052,3.637c-0.04,0.877-0.187,1.354-0.31,1.671c-0.163,0.42-0.358,0.72-0.673,1.035 c-0.315,0.315-0.615,0.51-1.035,0.673c-0.317,0.123-0.794,0.27-1.671,0.31c-0.949,0.043-1.233,0.052-3.637,0.052 s-2.688-0.009-3.637-0.052c-0.877-0.04-1.354-0.187-1.671-0.31c-0.42-0.163-0.72-0.358-1.035-0.673 c-0.315-0.315-0.51-0.615-0.673-1.035c-0.123-0.317-0.27-0.794-0.31-1.671C4.631,14.688,4.622,14.403,4.622,12 s0.009-2.688,0.052-3.637c0.04-0.877,0.187-1.354,0.31-1.671c0.163-0.42,0.358-0.72,0.673-1.035 c0.315-0.315,0.615-0.51,1.035-0.673c0.317-0.123,0.794-0.27,1.671-0.31C9.312,4.631,9.597,4.622,12,4.622 M12,3 C9.556,3,9.249,3.01,8.289,3.054C7.331,3.098,6.677,3.25,6.105,3.472C5.513,3.702,5.011,4.01,4.511,4.511 c-0.5,0.5-0.808,1.002-1.038,1.594C3.25,6.677,3.098,7.331,3.054,8.289C3.01,9.249,3,9.556,3,12c0,2.444,0.01,2.751,0.054,3.711 c0.044,0.958,0.196,1.612,0.418,2.185c0.23,0.592,0.538,1.094,1.038,1.594c0.5,0.5,1.002,0.808,1.594,1.038 c0.572,0.222,1.227,0.375,2.185,0.418C9.249,20.99,9.556,21,12,21s2.751-0.01,3.711-0.054c0.958-0.044,1.612-0.196,2.185-0.418 c0.592-0.23,1.094-0.538,1.594-1.038c0.5-0.5,0.808-1.002,1.038-1.594c0.222-0.572,0.375-1.227,0.418-2.185 C20.99,14.751,21,14.444,21,12s-0.01-2.751-0.054-3.711c-0.044-0.958-0.196-1.612-0.418-2.185c-0.23-0.592-0.538-1.094-1.038-1.594 c-0.5-0.5-1.002-0.808-1.594-1.038c-0.572-0.222-1.227-0.375-2.185-0.418C14.751,3.01,14.444,3,12,3L12,3z M12,7.378 c-2.552,0-4.622,2.069-4.622,4.622S9.448,16.622,12,16.622s4.622-2.069,4.622-4.622S14.552,7.378,12,7.378z M12,15 c-1.657,0-3-1.343-3-3s1.343-3,3-3s3,1.343,3,3S13.657,15,12,15z M16.804,6.116c-0.596,0-1.08,0.484-1.08,1.08 s0.484,1.08,1.08,1.08c0.596,0,1.08-0.484,1.08-1.08S17.401,6.116,16.804,6.116z\"><\/path><\/svg><span class=\"wp-block-social-link-label screen-reader-text\">Instagram<\/span><\/a><\/li>\n\n<li class=\"wp-social-link wp-social-link-tiktok  wp-block-social-link\"><a href=\"https:\/\/www.tiktok.com\/@city.kuechen.berlin\" class=\"wp-block-social-link-anchor\"><svg width=\"24\" height=\"24\" viewbox=\"0 0 32 32\" version=\"1.1\" xmlns=\"http:\/\/www.w3.org\/2000\/svg\" aria-hidden=\"true\" focusable=\"false\"><path d=\"M16.708 0.027c1.745-0.027 3.48-0.011 5.213-0.027 0.105 2.041 0.839 4.12 2.333 5.563 1.491 1.479 3.6 2.156 5.652 2.385v5.369c-1.923-0.063-3.855-0.463-5.6-1.291-0.76-0.344-1.468-0.787-2.161-1.24-0.009 3.896 0.016 7.787-0.025 11.667-0.104 1.864-0.719 3.719-1.803 5.255-1.744 2.557-4.771 4.224-7.88 4.276-1.907 0.109-3.812-0.411-5.437-1.369-2.693-1.588-4.588-4.495-4.864-7.615-0.032-0.667-0.043-1.333-0.016-1.984 0.24-2.537 1.495-4.964 3.443-6.615 2.208-1.923 5.301-2.839 8.197-2.297 0.027 1.975-0.052 3.948-0.052 5.923-1.323-0.428-2.869-0.308-4.025 0.495-0.844 0.547-1.485 1.385-1.819 2.333-0.276 0.676-0.197 1.427-0.181 2.145 0.317 2.188 2.421 4.027 4.667 3.828 1.489-0.016 2.916-0.88 3.692-2.145 0.251-0.443 0.532-0.896 0.547-1.417 0.131-2.385 0.079-4.76 0.095-7.145 0.011-5.375-0.016-10.735 0.025-16.093z\" \/><\/svg><span class=\"wp-block-social-link-label screen-reader-text\">TikTok<\/span><\/a><\/li><\/ul>\n\n\n\n<figure class=\"wp-block-pullquote\"><blockquote><p><strong><a href=\"https:\/\/city-kuechen.com\/en\/kontakt\/\">Are you planning a new kitchen? <br>Contact us for a consultation.<\/a><\/strong><\/p><\/blockquote><\/figure>\n\n\n\n<div style=\"height:43px\" aria-hidden=\"true\" class=\"wp-block-spacer\"><\/div>\n\n\n\n<div style=\"height:43px\" aria-hidden=\"true\" class=\"wp-block-spacer\"><\/div>\n\n\n\n<p><\/p>","protected":false},"excerpt":{"rendered":"<p>CITY K\u00dcCHEN Berlin owner David Ruder and Art Director Carlos Estevez traveled to Milan to discover the latest innovations and trends in kitchen design. Milan Design Week is not just an event; it's a phenomenon that sets groundbreaking trends for the international design scene.<\/p>","protected":false},"author":1,"featured_media":4666,"comment_status":"open","ping_status":"open","sticky":false,"template":"","format":"standard","meta":{"footnotes":"[]"},"categories":[1],"tags":[25,26,24],"class_list":["post-4641","post","type-post","status-publish","format-standard","has-post-thumbnail","hentry","category-uncategorized","tag-kuechenplaner","tag-kuechestudio-berlin","tag-neue-kueche"],"yoast_head":"<!-- This site is optimized with the Yoast SEO plugin v27.5 - https:\/\/yoast.com\/product\/yoast-seo-wordpress\/ -->\n<title>CITY K\u00dcCHEN Berlin auf der Design Week Mailand 2026 - K\u00fcchenstudio Berlin<\/title>\n<meta name=\"description\" content=\"CITY K\u00dcCHEN Berlin auf der Design Week Mailand 2026, um neueste Innovationen und Trends im Bereich K\u00fcchen zu entdecken. Design Week setzt erneut wichtige Impulse f\u00fcr die internationale Designszene.\" \/>\n<meta name=\"robots\" content=\"index, follow, max-snippet:-1, max-image-preview:large, max-video-preview:-1\" \/>\n<link rel=\"canonical\" href=\"https:\/\/city-kuechen.com\/en\/city-kuechen-berlin-auf-der-design-week-mailand-2026\/\" \/>\n<meta property=\"og:locale\" content=\"en_US\" \/>\n<meta property=\"og:type\" content=\"article\" \/>\n<meta property=\"og:title\" content=\"CITY K\u00dcCHEN Berlin auf der Design Week Mailand 2026\" \/>\n<meta property=\"og:description\" content=\"CITY K\u00dcCHEN Berlin Inhaber David Ruder und Art Director Carlos Estevez waren auf der Design Week Mailand 2026, um die neuesten Innovationen und Trends im Bereich K\u00fcchen zu entdecken. Design Week setzt erneut wichtige Impulse f\u00fcr die internationale Designszene.Im Rahmen ihres Besuchs trafen sie auch die offiziellen Partner von CITY K\u00dcCHEN, darunter Leicht K\u00fcchen, Bora und Gaggenau, und informierten sich \u00fcber neue Materialien, Technologien und zukunftsweisende K\u00fcchenkonzepte.\" \/>\n<meta property=\"og:url\" content=\"https:\/\/city-kuechen.com\/en\/city-kuechen-berlin-auf-der-design-week-mailand-2026\/\" \/>\n<meta property=\"og:site_name\" content=\"K\u00fcchenstudio Berlin\" \/>\n<meta property=\"article:publisher\" content=\"https:\/\/www.facebook.com\/citykuechen\/\" \/>\n<meta property=\"article:published_time\" content=\"2026-04-28T12:46:01+00:00\" \/>\n<meta property=\"article:modified_time\" content=\"2026-04-29T14:31:34+00:00\" \/>\n<meta property=\"og:image\" content=\"https:\/\/city-kuechen.com\/wp-content\/uploads\/2026\/04\/leicht.02.designweek.2026.jpg\" \/>\n\t<meta property=\"og:image:width\" content=\"1333\" \/>\n\t<meta property=\"og:image:height\" content=\"1000\" \/>\n\t<meta property=\"og:image:type\" content=\"image\/jpeg\" \/>\n<meta name=\"author\" content=\"CityK_Admin\" \/>\n<meta name=\"twitter:card\" content=\"summary_large_image\" \/>\n<meta name=\"twitter:title\" content=\"Design Week Mailand 2026\" \/>\n<meta name=\"twitter:description\" content=\"CITY K\u00dcCHEN Berlin Inhaber David Ruder und Art Director Carlos Estevez waren auf der Design Week Mailand 2026, um die neuesten Innovationen und Trends im Bereich K\u00fcchen zu entdecken. Design Week setzt erneut wichtige Impulse f\u00fcr die internationale Designszene.Im Rahmen ihres Besuchs trafen sie auch die offiziellen Partner von CITY K\u00dcCHEN, darunter Leicht K\u00fcchen, Bora und Gaggenau, und informierten sich \u00fcber neue Materialien, Technologien und zukunftsweisende K\u00fcchenkonzepte.\" \/>\n<meta name=\"twitter:image\" content=\"https:\/\/city-kuechen.com\/wp-content\/uploads\/2026\/04\/leicht.02.designweek.2026.jpg\" \/>\n<meta name=\"twitter:label1\" content=\"Written by\" \/>\n\t<meta name=\"twitter:data1\" content=\"CityK_Admin\" \/>\n\t<meta name=\"twitter:label2\" content=\"Est. reading time\" \/>\n\t<meta name=\"twitter:data2\" content=\"7 minutes\" \/>\n<script type=\"application\/ld+json\" class=\"yoast-schema-graph\">{\"@context\":\"https:\\\/\\\/schema.org\",\"@graph\":[{\"@type\":\"Article\",\"@id\":\"https:\\\/\\\/city-kuechen.com\\\/city-kuechen-berlin-auf-der-design-week-mailand-2026#article\",\"isPartOf\":{\"@id\":\"https:\\\/\\\/city-kuechen.com\\\/city-kuechen-berlin-auf-der-design-week-mailand-2026\"},\"author\":{\"name\":\"CityK_Admin\",\"@id\":\"https:\\\/\\\/city-kuechen.com\\\/#\\\/schema\\\/person\\\/ee7c148da3339d816dfa2e9d970ff13b\"},\"headline\":\"CITY K\u00dcCHEN Berlin auf der Design Week Mailand 2026\",\"datePublished\":\"2026-04-28T12:46:01+00:00\",\"dateModified\":\"2026-04-29T14:31:34+00:00\",\"mainEntityOfPage\":{\"@id\":\"https:\\\/\\\/city-kuechen.com\\\/city-kuechen-berlin-auf-der-design-week-mailand-2026\"},\"wordCount\":612,\"commentCount\":0,\"publisher\":{\"@id\":\"https:\\\/\\\/city-kuechen.com\\\/#organization\"},\"image\":{\"@id\":\"https:\\\/\\\/city-kuechen.com\\\/city-kuechen-berlin-auf-der-design-week-mailand-2026#primaryimage\"},\"thumbnailUrl\":\"https:\\\/\\\/city-kuechen.com\\\/wp-content\\\/uploads\\\/2026\\\/04\\\/gaggenau.03.designweek.2026.jpg\",\"keywords\":[\"K\u00fcchenplaner\",\"k\u00fcchestudio berlin\",\"Neue K\u00fcche\"],\"inLanguage\":\"en-US\",\"potentialAction\":[{\"@type\":\"CommentAction\",\"name\":\"Comment\",\"target\":[\"https:\\\/\\\/city-kuechen.com\\\/city-kuechen-berlin-auf-der-design-week-mailand-2026#respond\"]}]},{\"@type\":\"WebPage\",\"@id\":\"https:\\\/\\\/city-kuechen.com\\\/city-kuechen-berlin-auf-der-design-week-mailand-2026\",\"url\":\"https:\\\/\\\/city-kuechen.com\\\/city-kuechen-berlin-auf-der-design-week-mailand-2026\",\"name\":\"CITY K\u00dcCHEN Berlin auf der Design Week Mailand 2026 - K\u00fcchenstudio Berlin\",\"isPartOf\":{\"@id\":\"https:\\\/\\\/city-kuechen.com\\\/#website\"},\"primaryImageOfPage\":{\"@id\":\"https:\\\/\\\/city-kuechen.com\\\/city-kuechen-berlin-auf-der-design-week-mailand-2026#primaryimage\"},\"image\":{\"@id\":\"https:\\\/\\\/city-kuechen.com\\\/city-kuechen-berlin-auf-der-design-week-mailand-2026#primaryimage\"},\"thumbnailUrl\":\"https:\\\/\\\/city-kuechen.com\\\/wp-content\\\/uploads\\\/2026\\\/04\\\/gaggenau.03.designweek.2026.jpg\",\"datePublished\":\"2026-04-28T12:46:01+00:00\",\"dateModified\":\"2026-04-29T14:31:34+00:00\",\"description\":\"CITY K\u00dcCHEN Berlin auf der Design Week Mailand 2026, um neueste Innovationen und Trends im Bereich K\u00fcchen zu entdecken. Design Week setzt erneut wichtige Impulse f\u00fcr die internationale Designszene.\",\"breadcrumb\":{\"@id\":\"https:\\\/\\\/city-kuechen.com\\\/city-kuechen-berlin-auf-der-design-week-mailand-2026#breadcrumb\"},\"inLanguage\":\"en-US\",\"potentialAction\":[{\"@type\":\"ReadAction\",\"target\":[\"https:\\\/\\\/city-kuechen.com\\\/city-kuechen-berlin-auf-der-design-week-mailand-2026\"]}]},{\"@type\":\"ImageObject\",\"inLanguage\":\"en-US\",\"@id\":\"https:\\\/\\\/city-kuechen.com\\\/city-kuechen-berlin-auf-der-design-week-mailand-2026#primaryimage\",\"url\":\"https:\\\/\\\/city-kuechen.com\\\/wp-content\\\/uploads\\\/2026\\\/04\\\/gaggenau.03.designweek.2026.jpg\",\"contentUrl\":\"https:\\\/\\\/city-kuechen.com\\\/wp-content\\\/uploads\\\/2026\\\/04\\\/gaggenau.03.designweek.2026.jpg\",\"width\":1000,\"height\":1333,\"caption\":\"CITY K\u00dcCHEN Berlin Inhaber David Ruder und Art Director Carlos Estevez waren auf der Design Week Mailand 2026, um die neuesten Innovationen und Trends im Bereich K\u00fcchen zu entdecken. Design Week setzt erneut wichtige Impulse f\u00fcr die internationale Designszene.\"},{\"@type\":\"BreadcrumbList\",\"@id\":\"https:\\\/\\\/city-kuechen.com\\\/city-kuechen-berlin-auf-der-design-week-mailand-2026#breadcrumb\",\"itemListElement\":[{\"@type\":\"ListItem\",\"position\":1,\"name\":\"Startseite\",\"item\":\"https:\\\/\\\/city-kuechen.com\\\/\"},{\"@type\":\"ListItem\",\"position\":2,\"name\":\"CITY K\u00dcCHEN Berlin auf der Design Week Mailand 2026\"}]},{\"@type\":\"WebSite\",\"@id\":\"https:\\\/\\\/city-kuechen.com\\\/#website\",\"url\":\"https:\\\/\\\/city-kuechen.com\\\/\",\"name\":\"K\u00fcchenstudio Berlin\",\"description\":\"City K\u00fcchen\",\"publisher\":{\"@id\":\"https:\\\/\\\/city-kuechen.com\\\/#organization\"},\"potentialAction\":[{\"@type\":\"SearchAction\",\"target\":{\"@type\":\"EntryPoint\",\"urlTemplate\":\"https:\\\/\\\/city-kuechen.com\\\/?s={search_term_string}\"},\"query-input\":{\"@type\":\"PropertyValueSpecification\",\"valueRequired\":true,\"valueName\":\"search_term_string\"}}],\"inLanguage\":\"en-US\"},{\"@type\":\"Organization\",\"@id\":\"https:\\\/\\\/city-kuechen.com\\\/#organization\",\"name\":\"K\u00fcchenstudio Berlin\",\"url\":\"https:\\\/\\\/city-kuechen.com\\\/\",\"logo\":{\"@type\":\"ImageObject\",\"inLanguage\":\"en-US\",\"@id\":\"https:\\\/\\\/city-kuechen.com\\\/#\\\/schema\\\/logo\\\/image\\\/\",\"url\":\"https:\\\/\\\/city-kuechen.com\\\/wp-content\\\/uploads\\\/2025\\\/04\\\/city.font_.svg\",\"contentUrl\":\"https:\\\/\\\/city-kuechen.com\\\/wp-content\\\/uploads\\\/2025\\\/04\\\/city.font_.svg\",\"width\":1456,\"height\":220,\"caption\":\"K\u00fcchenstudio Berlin\"},\"image\":{\"@id\":\"https:\\\/\\\/city-kuechen.com\\\/#\\\/schema\\\/logo\\\/image\\\/\"},\"sameAs\":[\"https:\\\/\\\/www.facebook.com\\\/citykuechen\\\/\",\"https:\\\/\\\/www.instagram.com\\\/citykuechen\\\/\"]},{\"@type\":\"Person\",\"@id\":\"https:\\\/\\\/city-kuechen.com\\\/#\\\/schema\\\/person\\\/ee7c148da3339d816dfa2e9d970ff13b\",\"name\":\"CityK_Admin\",\"image\":{\"@type\":\"ImageObject\",\"inLanguage\":\"en-US\",\"@id\":\"https:\\\/\\\/secure.gravatar.com\\\/avatar\\\/bf9e8b5085d938f3db131329e0cfe308b947526d38e4cf3466159e135a7dbcd5?s=96&d=mm&r=g\",\"url\":\"https:\\\/\\\/secure.gravatar.com\\\/avatar\\\/bf9e8b5085d938f3db131329e0cfe308b947526d38e4cf3466159e135a7dbcd5?s=96&d=mm&r=g\",\"contentUrl\":\"https:\\\/\\\/secure.gravatar.com\\\/avatar\\\/bf9e8b5085d938f3db131329e0cfe308b947526d38e4cf3466159e135a7dbcd5?s=96&d=mm&r=g\",\"caption\":\"CityK_Admin\"},\"sameAs\":[\"https:\\\/\\\/www.city-kuechen.de\\\/\"],\"url\":\"https:\\\/\\\/city-kuechen.com\\\/en\\\/author\\\/cityk_admin\"}]}<\/script>\n<!-- \/ Yoast SEO plugin. -->","yoast_head_json":{"title":"CITY K\u00dcCHEN Berlin auf der Design Week Mailand 2026 - K\u00fcchenstudio Berlin","description":"CITY K\u00dcCHEN Berlin auf der Design Week Mailand 2026, um neueste Innovationen und Trends im Bereich K\u00fcchen zu entdecken. Design Week setzt erneut wichtige Impulse f\u00fcr die internationale Designszene.","robots":{"index":"index","follow":"follow","max-snippet":"max-snippet:-1","max-image-preview":"max-image-preview:large","max-video-preview":"max-video-preview:-1"},"canonical":"https:\/\/city-kuechen.com\/en\/city-kuechen-berlin-auf-der-design-week-mailand-2026\/","og_locale":"en_US","og_type":"article","og_title":"CITY K\u00dcCHEN Berlin auf der Design Week Mailand 2026","og_description":"CITY K\u00dcCHEN Berlin Inhaber David Ruder und Art Director Carlos Estevez waren auf der Design Week Mailand 2026, um die neuesten Innovationen und Trends im Bereich K\u00fcchen zu entdecken. Design Week setzt erneut wichtige Impulse f\u00fcr die internationale Designszene.Im Rahmen ihres Besuchs trafen sie auch die offiziellen Partner von CITY K\u00dcCHEN, darunter Leicht K\u00fcchen, Bora und Gaggenau, und informierten sich \u00fcber neue Materialien, Technologien und zukunftsweisende K\u00fcchenkonzepte.","og_url":"https:\/\/city-kuechen.com\/en\/city-kuechen-berlin-auf-der-design-week-mailand-2026\/","og_site_name":"K\u00fcchenstudio Berlin","article_publisher":"https:\/\/www.facebook.com\/citykuechen\/","article_published_time":"2026-04-28T12:46:01+00:00","article_modified_time":"2026-04-29T14:31:34+00:00","og_image":[{"width":1333,"height":1000,"url":"https:\/\/city-kuechen.com\/wp-content\/uploads\/2026\/04\/leicht.02.designweek.2026.jpg","type":"image\/jpeg"}],"author":"CityK_Admin","twitter_card":"summary_large_image","twitter_title":"Design Week Mailand 2026","twitter_description":"CITY K\u00dcCHEN Berlin Inhaber David Ruder und Art Director Carlos Estevez waren auf der Design Week Mailand 2026, um die neuesten Innovationen und Trends im Bereich K\u00fcchen zu entdecken. Design Week setzt erneut wichtige Impulse f\u00fcr die internationale Designszene.Im Rahmen ihres Besuchs trafen sie auch die offiziellen Partner von CITY K\u00dcCHEN, darunter Leicht K\u00fcchen, Bora und Gaggenau, und informierten sich \u00fcber neue Materialien, Technologien und zukunftsweisende K\u00fcchenkonzepte.","twitter_image":"https:\/\/city-kuechen.com\/wp-content\/uploads\/2026\/04\/leicht.02.designweek.2026.jpg","twitter_misc":{"Written by":"CityK_Admin","Est. reading time":"7 minutes"},"schema":{"@context":"https:\/\/schema.org","@graph":[{"@type":"Article","@id":"https:\/\/city-kuechen.com\/city-kuechen-berlin-auf-der-design-week-mailand-2026#article","isPartOf":{"@id":"https:\/\/city-kuechen.com\/city-kuechen-berlin-auf-der-design-week-mailand-2026"},"author":{"name":"CityK_Admin","@id":"https:\/\/city-kuechen.com\/#\/schema\/person\/ee7c148da3339d816dfa2e9d970ff13b"},"headline":"CITY K\u00dcCHEN Berlin auf der Design Week Mailand 2026","datePublished":"2026-04-28T12:46:01+00:00","dateModified":"2026-04-29T14:31:34+00:00","mainEntityOfPage":{"@id":"https:\/\/city-kuechen.com\/city-kuechen-berlin-auf-der-design-week-mailand-2026"},"wordCount":612,"commentCount":0,"publisher":{"@id":"https:\/\/city-kuechen.com\/#organization"},"image":{"@id":"https:\/\/city-kuechen.com\/city-kuechen-berlin-auf-der-design-week-mailand-2026#primaryimage"},"thumbnailUrl":"https:\/\/city-kuechen.com\/wp-content\/uploads\/2026\/04\/gaggenau.03.designweek.2026.jpg","keywords":["K\u00fcchenplaner","k\u00fcchestudio berlin","Neue K\u00fcche"],"inLanguage":"en-US","potentialAction":[{"@type":"CommentAction","name":"Comment","target":["https:\/\/city-kuechen.com\/city-kuechen-berlin-auf-der-design-week-mailand-2026#respond"]}]},{"@type":"WebPage","@id":"https:\/\/city-kuechen.com\/city-kuechen-berlin-auf-der-design-week-mailand-2026","url":"https:\/\/city-kuechen.com\/city-kuechen-berlin-auf-der-design-week-mailand-2026","name":"CITY K\u00dcCHEN Berlin auf der Design Week Mailand 2026 - K\u00fcchenstudio Berlin","isPartOf":{"@id":"https:\/\/city-kuechen.com\/#website"},"primaryImageOfPage":{"@id":"https:\/\/city-kuechen.com\/city-kuechen-berlin-auf-der-design-week-mailand-2026#primaryimage"},"image":{"@id":"https:\/\/city-kuechen.com\/city-kuechen-berlin-auf-der-design-week-mailand-2026#primaryimage"},"thumbnailUrl":"https:\/\/city-kuechen.com\/wp-content\/uploads\/2026\/04\/gaggenau.03.designweek.2026.jpg","datePublished":"2026-04-28T12:46:01+00:00","dateModified":"2026-04-29T14:31:34+00:00","description":"CITY K\u00dcCHEN Berlin auf der Design Week Mailand 2026, um neueste Innovationen und Trends im Bereich K\u00fcchen zu entdecken. Design Week setzt erneut wichtige Impulse f\u00fcr die internationale Designszene.","breadcrumb":{"@id":"https:\/\/city-kuechen.com\/city-kuechen-berlin-auf-der-design-week-mailand-2026#breadcrumb"},"inLanguage":"en-US","potentialAction":[{"@type":"ReadAction","target":["https:\/\/city-kuechen.com\/city-kuechen-berlin-auf-der-design-week-mailand-2026"]}]},{"@type":"ImageObject","inLanguage":"en-US","@id":"https:\/\/city-kuechen.com\/city-kuechen-berlin-auf-der-design-week-mailand-2026#primaryimage","url":"https:\/\/city-kuechen.com\/wp-content\/uploads\/2026\/04\/gaggenau.03.designweek.2026.jpg","contentUrl":"https:\/\/city-kuechen.com\/wp-content\/uploads\/2026\/04\/gaggenau.03.designweek.2026.jpg","width":1000,"height":1333,"caption":"CITY K\u00dcCHEN Berlin Inhaber David Ruder und Art Director Carlos Estevez waren auf der Design Week Mailand 2026, um die neuesten Innovationen und Trends im Bereich K\u00fcchen zu entdecken. Design Week setzt erneut wichtige Impulse f\u00fcr die internationale Designszene."},{"@type":"BreadcrumbList","@id":"https:\/\/city-kuechen.com\/city-kuechen-berlin-auf-der-design-week-mailand-2026#breadcrumb","itemListElement":[{"@type":"ListItem","position":1,"name":"Startseite","item":"https:\/\/city-kuechen.com\/"},{"@type":"ListItem","position":2,"name":"CITY K\u00dcCHEN Berlin auf der Design Week Mailand 2026"}]},{"@type":"WebSite","@id":"https:\/\/city-kuechen.com\/#website","url":"https:\/\/city-kuechen.com\/","name":"K\u00fcchenstudio Berlin","description":"City K\u00fcchen","publisher":{"@id":"https:\/\/city-kuechen.com\/#organization"},"potentialAction":[{"@type":"SearchAction","target":{"@type":"EntryPoint","urlTemplate":"https:\/\/city-kuechen.com\/?s={search_term_string}"},"query-input":{"@type":"PropertyValueSpecification","valueRequired":true,"valueName":"search_term_string"}}],"inLanguage":"en-US"},{"@type":"Organization","@id":"https:\/\/city-kuechen.com\/#organization","name":"K\u00fcchenstudio Berlin","url":"https:\/\/city-kuechen.com\/","logo":{"@type":"ImageObject","inLanguage":"en-US","@id":"https:\/\/city-kuechen.com\/#\/schema\/logo\/image\/","url":"https:\/\/city-kuechen.com\/wp-content\/uploads\/2025\/04\/city.font_.svg","contentUrl":"https:\/\/city-kuechen.com\/wp-content\/uploads\/2025\/04\/city.font_.svg","width":1456,"height":220,"caption":"K\u00fcchenstudio Berlin"},"image":{"@id":"https:\/\/city-kuechen.com\/#\/schema\/logo\/image\/"},"sameAs":["https:\/\/www.facebook.com\/citykuechen\/","https:\/\/www.instagram.com\/citykuechen\/"]},{"@type":"Person","@id":"https:\/\/city-kuechen.com\/#\/schema\/person\/ee7c148da3339d816dfa2e9d970ff13b","name":"CityK_Admin","image":{"@type":"ImageObject","inLanguage":"en-US","@id":"https:\/\/secure.gravatar.com\/avatar\/bf9e8b5085d938f3db131329e0cfe308b947526d38e4cf3466159e135a7dbcd5?s=96&d=mm&r=g","url":"https:\/\/secure.gravatar.com\/avatar\/bf9e8b5085d938f3db131329e0cfe308b947526d38e4cf3466159e135a7dbcd5?s=96&d=mm&r=g","contentUrl":"https:\/\/secure.gravatar.com\/avatar\/bf9e8b5085d938f3db131329e0cfe308b947526d38e4cf3466159e135a7dbcd5?s=96&d=mm&r=g","caption":"CityK_Admin"},"sameAs":["https:\/\/www.city-kuechen.de\/"],"url":"https:\/\/city-kuechen.com\/en\/author\/cityk_admin"}]}},"_links":{"self":[{"href":"https:\/\/city-kuechen.com\/en\/wp-json\/wp\/v2\/posts\/4641","targetHints":{"allow":["GET"]}}],"collection":[{"href":"https:\/\/city-kuechen.com\/en\/wp-json\/wp\/v2\/posts"}],"about":[{"href":"https:\/\/city-kuechen.com\/en\/wp-json\/wp\/v2\/types\/post"}],"author":[{"embeddable":true,"href":"https:\/\/city-kuechen.com\/en\/wp-json\/wp\/v2\/users\/1"}],"replies":[{"embeddable":true,"href":"https:\/\/city-kuechen.com\/en\/wp-json\/wp\/v2\/comments?post=4641"}],"version-history":[{"count":24,"href":"https:\/\/city-kuechen.com\/en\/wp-json\/wp\/v2\/posts\/4641\/revisions"}],"predecessor-version":[{"id":4687,"href":"https:\/\/city-kuechen.com\/en\/wp-json\/wp\/v2\/posts\/4641\/revisions\/4687"}],"wp:featuredmedia":[{"embeddable":true,"href":"https:\/\/city-kuechen.com\/en\/wp-json\/wp\/v2\/media\/4666"}],"wp:attachment":[{"href":"https:\/\/city-kuechen.com\/en\/wp-json\/wp\/v2\/media?parent=4641"}],"wp:term":[{"taxonomy":"category","embeddable":true,"href":"https:\/\/city-kuechen.com\/en\/wp-json\/wp\/v2\/categories?post=4641"},{"taxonomy":"post_tag","embeddable":true,"href":"https:\/\/city-kuechen.com\/en\/wp-json\/wp\/v2\/tags?post=4641"}],"curies":[{"name":"wp","href":"https:\/\/api.w.org\/{rel}","templated":true}]}}